{"id":278,"date":"2013-10-25T10:56:04","date_gmt":"2013-10-25T08:56:04","guid":{"rendered":"http:\/\/www.schwetter.de\/blog\/?p=278"},"modified":"2013-10-31T15:20:41","modified_gmt":"2013-10-31T13:20:41","slug":"analoge-und-digitale-gemeinschaften-auf-der-cologne-commons","status":"publish","type":"post","link":"https:\/\/www.schwetter.de\/blog\/?p=278","title":{"rendered":"Analoge und digitale Gemeinschaften auf der Cologne Commons"},"content":{"rendered":"<p>Am vergangenen Freitag war meine Band Von Korf eingeladen, auf dem Festival zur Konferenz <a href=\"http:\/\/www.cologne-commons.de\/\" target=\"_blank\">Cologne Commons<\/a> zu spielen. Vorher, am Nachmittag, sa\u00df ich auf einem Panel bei der Konferenz mit dem Thema &#8222;Sind Netlabel schon tot oder riechen sie nur komisch?&#8220; um die Sichtweise der Musiker zu vertreten, auch und gerade deshalb, weil ich im Rahmen meiner Promotion zum Selbstmanagement von Musikern im Internet forsche.<br \/>\n<!--more--><br \/>\nIch setzte mich gleich morgens in den Zug, um noch ein wenig von der Konferenz mitzubekommen. Als Reiselekt\u00fcre nahm ich <a href=\"http:\/\/www.tectum-verlag.de\/musik-und-aufmerksamkeit-im-internet.html\" target=\"_blank\">&#8222;Musik und Aufmerksamkeit im Internet&#8220;,<\/a> eine aktuelle Studie von Martin Herzberg mit. Er hat fast 400 Musiker zu ihren Selbstmanagement-Strategien befragt, vielleicht w\u00fcrden mir seine Ergebnisse ja noch ein paar zus\u00e4tzliche Impulse liefern. Zum Buch schreibe ich vielleicht an anderer Stelle mal eine Kritik, wenn ich mal wieder in einem Wurmloch sitze und das Glimmen der Bildr\u00f6hre mein einziger Trost ist&#8230;<br \/>\nDrei Stunden sp\u00e4ter war ich passend zum Mittagsimbiss im Seminargeb\u00e4ude der Uni K\u00f6ln. Circa 60 Teilnehmer, entspannte Stimmung. Im folgenden Doppelvortrag &#8222;Die Rationalit\u00e4t des Schenkens&#8220; ging es Stefan Meretz mit dem Schlagwort &#8222;Bereichert euch!&#8220; um einen neuen Reichtumsbegriff jenseits von Geld\u00f6konomie und Julio Lambing um eine Revision der Ideologie des Besitzindividualismus durch eine neue &#8222;Anerkennung der Abh\u00e4ngigkeit&#8220;.<br \/>\n&#8222;Ach ist das sch\u00f6n!&#8220; dachte ich. Ich hatte ganz vergessen, dass es eine ganze Szene zu den Commons gibt, die den Ansatz nicht nur f\u00fcr\u00b4s Internet richtig findet, sondern gesamtgesellschaftlich denkt. Sch\u00f6n, hier sein zu d\u00fcrfen und mal wieder ein wenig Gedankenfutter zu bekommen.<br \/>\nIm n\u00e4chsten Doppelvortrag &#8222;Community Building&#8220; wurde es dann ganz konkret. Heinz-Ulirch Eisner stellte die Kommune <a href=\"http:\/\/www.villa-locomuna.de\/\" target=\"_blank\">Villa Locomuna<\/a> in Kassel vor. In und um Kassel gibt es vier Kommunen, und diese wurde erst im Jahr 2000 gegr\u00fcndet. Ich hatte gedacht, die Kommune sei ein Auslaufmodell. Hier erz\u00e4hlte nun ein sehr entspannter Herr Eisner von den Strukturen (25 Erwachsene plus Kinder in WGs, Wohnbaugenossenschaft, gemeinsame Ressourcen wie 2 Autos, 2 Waschmaschinen), vom Sozialen (Plenum, wenig Regeln und Kneipenabend f\u00fcr das Wichtigste: die pers\u00f6nliche Bindung und das Wissen voneinander) und vom Geld: alle Bewohner geben ihr komplettes Einkommen als Einkommensgemeinschaft auf ein gemeinsames Konto. Von dem werden alle Unkosten bezahlt: Geb\u00e4ude, Fahrzeuge, Werkzeug, Lebensmittel. Zum Zweiten gibt es eine offene Kasse, aus der sich jeder nimmt, was er f\u00fcr &#8222;Klamotten, Kneipe, Kino, Urlaub&#8220; braucht. Urlaub? Geht denn das ohne Neid und Streit? Was ist mit Zahnersatz? Das kann doch nicht funktionieren, dachte ich und hakte nach. Haben sie Bewohner \u00fcberhaupt Anreize, Karriere zu machen und mehr zu verdienen? Der Karrierewille halte sich in Grenzen, erwiderte Heinz-Ulrich Eisner, dennoch, so sagte er mit einem Grinsen im Gesicht &#8222;Wir k\u00f6nnen alle sehr gut leben, ohne uns krumm zu machen.&#8220; Gr\u00f6\u00dfere Anschaffungen werden auf dem Plenum im Konsens beschlossen und seien nie ein Problem. Wichtig sei, dass man voneinander wei\u00df, was anliegt. Verst\u00e4ndnis statt Gerechtigkeit sei die Maxime. Die Kommune unterst\u00fctzt z.B. auch Kinder von Bewohnern im Studium mit einem monatlichen Beitrag. M\u00f6glich ist das alles auch, weil die Nutzung gemeinsamer Ressourcen sehr viel Geld spart.<br \/>\nWenn ich \u00fcberlege, was eine normale Kleinfamilie an Fixkosten hat f\u00fcr Wohnung, Ausstattung, Auto \u2013 vielleicht kann man sich dieser Geissel viel weiter entziehen als mir bisher bewusst war. Sehr interessant.<br \/>\nDanach ging es weiter mit der jung-dynamischen Francesca Pick. Sie stellte die Online-Plattform <a href=\"http:\/\/ouishare.net\/\" target=\"_blank\">Ouishare<\/a> f\u00fcr kollaboratives Wirtschaften vor und konnte mit mit der Verbindlichkeit einer klassichen Kommune gar nichts anfangen. Sie habe im letzten Jahr in sechs St\u00e4dten gelebt, organisiert alles digital und brauche die Freiheit, in letzter Minute alle Planungen auch wieder umkippen zu k\u00f6nnen. Cool, so jemand hatte ich Provinzler auch noch nicht in echt  gesehen. Sie stellte heraus, digitales Community-Building braucht eine sehr hohe Kommunikationskompetenz, die Kommunikation ist viel aufwendiger als bei lokalen Gemeinschaften. Dennoch gilt auch hier: MPRL \u2013 &#8222;meet people in real live!&#8220; sei die oberste Maxime, wenn man etwas bewegen will. Na, wenn Leute mit einem Erfahrungshorizont wie sie sich in 10 Jahren dochmal wo niederlassen. um Kinder gro\u00dfzuziehen und Kommunen zu gr\u00fcnden, dann k\u00f6nnen wir wohl einiges erwarten.<br \/>\nZum Netlabel Panel schreib ich nichts, das soll wer anders machen, der\u00b4s gesehen hat.<br \/>\nZum Konzertabend soviel: Vier sehr unterschiedliche Projekte, gute Stimmung. Es war eine Ehre, mal im Geb\u00e4ude 9 spielen zu d\u00fcrfen. <a href=\"http:\/\/von-korf.eu\/archives\/135\">Hier gibt es bei Von Korf einen kleinen Ausschnitt auf Video<\/a>.<\/p>\n","protected":false},"excerpt":{"rendered":"<p>Am vergangenen Freitag war meine Band Von Korf eingeladen, auf dem Festival zur Konferenz Cologne Commons zu spielen. Vorher, am Nachmittag, sa\u00df ich auf einem Panel bei der Konferenz mit dem Thema &#8222;Sind Netlabel schon tot oder riechen sie nur &hellip; <a href=\"https:\/\/www.schwetter.de\/blog\/?p=278\">Weiterlesen <span class=\"meta-nav\">&rarr;<\/span><\/a><\/p>\n","protected":false},"author":1,"featured_media":0,"comment_status":"open","ping_status":"open","sticky":false,"template":"","format":"standard","meta":{"footnotes":""},"categories":[4,18,9],"tags":[],"class_list":["post-278","post","type-post","status-publish","format-standard","hentry","category-ereignisse","category-von-korf","category-waswirunsreintun"],"_links":{"self":[{"href":"https:\/\/www.schwetter.de\/blog\/index.php?rest_route=\/wp\/v2\/posts\/278","targetHints":{"allow":["GET"]}}],"collection":[{"href":"https:\/\/www.schwetter.de\/blog\/index.php?rest_route=\/wp\/v2\/posts"}],"about":[{"href":"https:\/\/www.schwetter.de\/blog\/index.php?rest_route=\/wp\/v2\/types\/post"}],"author":[{"embeddable":true,"href":"https:\/\/www.schwetter.de\/blog\/index.php?rest_route=\/wp\/v2\/users\/1"}],"replies":[{"embeddable":true,"href":"https:\/\/www.schwetter.de\/blog\/index.php?rest_route=%2Fwp%2Fv2%2Fcomments&post=278"}],"version-history":[{"count":4,"href":"https:\/\/www.schwetter.de\/blog\/index.php?rest_route=\/wp\/v2\/posts\/278\/revisions"}],"predecessor-version":[{"id":284,"href":"https:\/\/www.schwetter.de\/blog\/index.php?rest_route=\/wp\/v2\/posts\/278\/revisions\/284"}],"wp:attachment":[{"href":"https:\/\/www.schwetter.de\/blog\/index.php?rest_route=%2Fwp%2Fv2%2Fmedia&parent=278"}],"wp:term":[{"taxonomy":"category","embeddable":true,"href":"https:\/\/www.schwetter.de\/blog\/index.php?rest_route=%2Fwp%2Fv2%2Fcategories&post=278"},{"taxonomy":"post_tag","embeddable":true,"href":"https:\/\/www.schwetter.de\/blog\/index.php?rest_route=%2Fwp%2Fv2%2Ftags&post=278"}],"curies":[{"name":"wp","href":"https:\/\/api.w.org\/{rel}","templated":true}]}}