{"id":311,"date":"2014-11-05T11:54:22","date_gmt":"2014-11-05T09:54:22","guid":{"rendered":"http:\/\/www.schwetter.de\/blog\/?p=311"},"modified":"2014-11-14T12:14:00","modified_gmt":"2014-11-14T10:14:00","slug":"tagung-die-produktivitaet-von-musikkulturen","status":"publish","type":"post","link":"https:\/\/www.schwetter.de\/blog\/?p=311","title":{"rendered":"Tagung: Die Produktivit\u00e4t von Musikkulturen"},"content":{"rendered":"<p>Zusammen mit Dennis Mathei, <a href=\"http:\/\/www.berlin-mitte-institut.de\/\">Jan K\u00fchn<\/a> und Hendrik Neubauer veranstalte ich die Tagung &#8222;<a href=\"http:\/\/musikkulturen.wordpress.com\/\">Die Produktivit\u00e4t von Musikulturen<\/a>&#8222;. Dort sollen Entwicklungsdynamiken von Musikstilen, Szenen, (Sub)Kulturen etc. thematisiert und mit Verst\u00e4ndnissen des Begriffs Produktivit\u00e4t konfrontiert werden. In einer Zeit, in der wirtschaftstheoretische Begriffe immer mehr in den Bereich der Kultur<strong>produktion<\/strong> (sic!) \u00fcbergreifen, soll diskutiert werden, was Produktivit\u00e4t neben der betriebswirtschaftlichen Input\/Output Relation in Musikkulturen bedeuten kann.<\/p>\n<p>Unter den Fallbeispielen gibt es ein Panel zum Urheberrecht mit Fr\u00e9d\u00e9ric D\u00f6hl und mir.<br \/>\n<a href=\"http:\/\/musikkulturen.wordpress.com\/\"><br \/>\nHier geht\u00b4s zum Programm<\/a>.<\/p>\n<p>Termin: 14. \/ 15.11.2014, Institut f\u00fcr Musik, Kassel<\/p>\n","protected":false},"excerpt":{"rendered":"<p>Zusammen mit Dennis Mathei, Jan K\u00fchn und Hendrik Neubauer veranstalte ich die Tagung &#8222;Die Produktivit\u00e4t von Musikulturen&#8222;. Dort sollen Entwicklungsdynamiken von Musikstilen, Szenen, (Sub)Kulturen etc. thematisiert und mit Verst\u00e4ndnissen des Begriffs Produktivit\u00e4t konfrontiert werden. In einer Zeit, in der wirtschaftstheoretische &hellip; <a href=\"https:\/\/www.schwetter.de\/blog\/?p=311\">Weiterlesen <span class=\"meta-nav\">&rarr;<\/span><\/a><\/p>\n","protected":false},"author":1,"featured_media":0,"comment_status":"open","ping_status":"open","sticky":false,"template":"","format":"standard","meta":{"footnotes":""},"categories":[4],"tags":[],"class_list":["post-311","post","type-post","status-publish","format-standard","hentry","category-ereignisse"],"_links":{"self":[{"href":"https:\/\/www.schwetter.de\/blog\/index.php?rest_route=\/wp\/v2\/posts\/311","targetHints":{"allow":["GET"]}}],"collection":[{"href":"https:\/\/www.schwetter.de\/blog\/index.php?rest_route=\/wp\/v2\/posts"}],"about":[{"href":"https:\/\/www.schwetter.de\/blog\/index.php?rest_route=\/wp\/v2\/types\/post"}],"author":[{"embeddable":true,"href":"https:\/\/www.schwetter.de\/blog\/index.php?rest_route=\/wp\/v2\/users\/1"}],"replies":[{"embeddable":true,"href":"https:\/\/www.schwetter.de\/blog\/index.php?rest_route=%2Fwp%2Fv2%2Fcomments&post=311"}],"version-history":[{"count":2,"href":"https:\/\/www.schwetter.de\/blog\/index.php?rest_route=\/wp\/v2\/posts\/311\/revisions"}],"predecessor-version":[{"id":313,"href":"https:\/\/www.schwetter.de\/blog\/index.php?rest_route=\/wp\/v2\/posts\/311\/revisions\/313"}],"wp:attachment":[{"href":"https:\/\/www.schwetter.de\/blog\/index.php?rest_route=%2Fwp%2Fv2%2Fmedia&parent=311"}],"wp:term":[{"taxonomy":"category","embeddable":true,"href":"https:\/\/www.schwetter.de\/blog\/index.php?rest_route=%2Fwp%2Fv2%2Fcategories&post=311"},{"taxonomy":"post_tag","embeddable":true,"href":"https:\/\/www.schwetter.de\/blog\/index.php?rest_route=%2Fwp%2Fv2%2Ftags&post=311"}],"curies":[{"name":"wp","href":"https:\/\/api.w.org\/{rel}","templated":true}]}}