{"id":468,"date":"2019-03-09T18:24:12","date_gmt":"2019-03-09T17:24:12","guid":{"rendered":"http:\/\/www.schwetter.de\/blog\/?p=468"},"modified":"2019-03-11T11:12:19","modified_gmt":"2019-03-11T10:12:19","slug":"konzertkritik-female-power-in-der-bocksmauer","status":"publish","type":"post","link":"https:\/\/www.schwetter.de\/blog\/?p=468","title":{"rendered":"Konzertkritik: Female Power in der Bocksmauer"},"content":{"rendered":"\n<p>Gestern war Weltfrauentag. Und die neue Mitarbeiterin des Musikb\u00fcro Osnabr\u00fcck hat zu diesem Anlass ein kleines, aber feines Konzert unter dem Motto &#8222;<a href=\"https:\/\/www.facebook.com\/events\/378096959688548\/\">Female Power in der Bocksmauer<\/a>&#8220; organisiert. Eingeladen wurden vier Bands aus Osnabr\u00fcck, Rheine und M\u00fcnster, die weibliche Mitglieder haben.<\/p>\n\n\n\n<!--more-->\n\n\n\n<p>Der Abend hat eine Vorgeschichte. Im Herbst 2018 fand wie jedes Jahr das &#8222;Rock in der Region&#8220; Finale statt, und ich war seit langem mal wieder in der Jury. Es spielten vier Bands, und mir viel auf: es stehen nur M\u00e4nner auf der B\u00fchne. Daf\u00fcr kann man den Veranstaltern, dem Musikb\u00fcro Osnabr\u00fcck, vermutlich keinen Vorwurf machen. Bands bewerben sich, scheitern oder gewinnen in Vorentscheiden, die Gewinner*innen landen im Finale. In der Jury hatten wir immerhin einen Frauenanteil von ca. 17 %. Und von uns, der Jury aus, wurde die m\u00e4nnliche Monokultur dann auch bem\u00e4ngelt.<\/p>\n\n\n\n<p>Zu analysieren, woran das liegen mag, ist nicht Gegenstand dieses Artikels. Ich erw\u00e4hne das nur, um zu sagen, das Finale hat etwas ins Rollen gebracht, eine gr\u00f6\u00dfere Aufmerksamkeit und Sensibilit\u00e4t f\u00fcr das Thema. Und das gestrige Konzert ist eine der ersten Auswirkungen. Und die hat sich schonmal gelohnt.<\/p>\n\n\n\n<p>Zu h\u00f6ren gab es drei Bands (<a href=\"https:\/\/www.facebook.com\/jetsunband\/\">Jetsun<\/a>, <a href=\"https:\/\/www.facebook.com\/FranticAge\/\">Frantic Age<\/a>, <a href=\"https:\/\/www.elliband.de\/\">Elli<\/a>) und ein Duo (<a href=\"https:\/\/www.facebook.com\/timespentapart\/\">Time Spent Apart<\/a>), jeweils mit S\u00e4ngerinnen, die teilweise auch Instrumente gespielt haben. Jetsun haben zudem noch eine Bassistin und sind damit quasi parit\u00e4tisch besetzt. Vieles von dem, was den Abend sch\u00f6n machte, hatte mit einer Frauenquote nichts zu tun, und genauso muss es sein. Alle vier Bands waren richtig gut, und jede hatte einen eigenen Charakter. Die Zusammenstellung und Reihenfolge war gelungen, die Musiker*innen hatten Spass, das Publikum ist gut mitgegangen. Es gab keinerlei &#8222;Frauen-Bonus&#8220;: Keinen f\u00fcr Dilletantismus, Niedlichkeit, Bedienung des male gaze oder \u00e4hnliches. Es war einfach ein gelungenes Konzert.<\/p>\n\n\n\n<p>Aber dennoch war etwas besonders, das schwerer in Worte zu fassen ist. Die Aura, die von der B\u00fchne kam, war anders als bei einem reinen &#8222;Jungsabend&#8220;. Die durchg\u00e4ngige musikalische Arbeit von Gender-gemischten Teams auf der B\u00fchne hat irgendetwas in der Grundstimmung des Abends ver\u00e4ndert. Vielleicht einfach nur daf\u00fcr gesorgt, dass keine Boys Club Atmosph\u00e4re aufgekommen ist, die auf Rockkonzerten so normal ist, dass sie niemandem mehr auff\u00e4llt. Die Atmosp\u00e4hre gestern empfand ich dagegen als luftiger, aufger\u00e4umter, und zugleich sehr kraftvoll. Das macht Lust auf mehr. Gebt mir bitte mehr von solchen Konzerten!<\/p>\n\n\n\n<p>Edit: Zur systematischen Geringsch\u00e4tzung von Frauen in der Rockmusik hat Nadia Shehadeh aktuell <a href=\"https:\/\/www.blogrebellen.de\/2019\/03\/09\/frauen-shaming-in-der-musikrezeption-und-wieso-ich-meine-maedchenmusik-liebe\/\">bei den Blogrebellen einen sehr guten Artikel <\/a>ver\u00f6ffentlicht. (Danke an <a href=\"https:\/\/bright-idea.de\/\">Katja Brunkhorst<\/a> f\u00fcr den Hinweis!)<\/p>\n","protected":false},"excerpt":{"rendered":"<p>Gestern war Weltfrauentag. Und die neue Mitarbeiterin des Musikb\u00fcro Osnabr\u00fcck hat zu diesem Anlass ein kleines, aber feines Konzert unter dem Motto &#8222;Female Power in der Bocksmauer&#8220; organisiert. Eingeladen wurden vier Bands aus Osnabr\u00fcck, Rheine und M\u00fcnster, die weibliche Mitglieder &hellip; <a href=\"https:\/\/www.schwetter.de\/blog\/?p=468\">Weiterlesen <span class=\"meta-nav\">&rarr;<\/span><\/a><\/p>\n","protected":false},"author":1,"featured_media":0,"comment_status":"open","ping_status":"open","sticky":false,"template":"","format":"standard","meta":{"footnotes":""},"categories":[13,9],"tags":[30,33,32,34,29,31],"class_list":["post-468","post","type-post","status-publish","format-standard","hentry","category-musik","category-waswirunsreintun","tag-bocksmauer","tag-frauen-und-rockmusik","tag-gender","tag-internationaler-tag-der-frau","tag-konzert","tag-musikbuero-osnabrueck"],"_links":{"self":[{"href":"https:\/\/www.schwetter.de\/blog\/index.php?rest_route=\/wp\/v2\/posts\/468","targetHints":{"allow":["GET"]}}],"collection":[{"href":"https:\/\/www.schwetter.de\/blog\/index.php?rest_route=\/wp\/v2\/posts"}],"about":[{"href":"https:\/\/www.schwetter.de\/blog\/index.php?rest_route=\/wp\/v2\/types\/post"}],"author":[{"embeddable":true,"href":"https:\/\/www.schwetter.de\/blog\/index.php?rest_route=\/wp\/v2\/users\/1"}],"replies":[{"embeddable":true,"href":"https:\/\/www.schwetter.de\/blog\/index.php?rest_route=%2Fwp%2Fv2%2Fcomments&post=468"}],"version-history":[{"count":10,"href":"https:\/\/www.schwetter.de\/blog\/index.php?rest_route=\/wp\/v2\/posts\/468\/revisions"}],"predecessor-version":[{"id":487,"href":"https:\/\/www.schwetter.de\/blog\/index.php?rest_route=\/wp\/v2\/posts\/468\/revisions\/487"}],"wp:attachment":[{"href":"https:\/\/www.schwetter.de\/blog\/index.php?rest_route=%2Fwp%2Fv2%2Fmedia&parent=468"}],"wp:term":[{"taxonomy":"category","embeddable":true,"href":"https:\/\/www.schwetter.de\/blog\/index.php?rest_route=%2Fwp%2Fv2%2Fcategories&post=468"},{"taxonomy":"post_tag","embeddable":true,"href":"https:\/\/www.schwetter.de\/blog\/index.php?rest_route=%2Fwp%2Fv2%2Ftags&post=468"}],"curies":[{"name":"wp","href":"https:\/\/api.w.org\/{rel}","templated":true}]}}