{"id":576,"date":"2020-03-19T12:16:08","date_gmt":"2020-03-19T11:16:08","guid":{"rendered":"http:\/\/www.schwetter.de\/blog\/?p=576"},"modified":"2021-02-12T17:46:42","modified_gmt":"2021-02-12T16:46:42","slug":"liste-mit-corona-virus-aktionen-fuer-kreative","status":"publish","type":"post","link":"https:\/\/www.schwetter.de\/blog\/?p=576","title":{"rendered":"Liste mit Corona-Virus Aktionen f\u00fcr Kreative"},"content":{"rendered":"\n<p>Update 23.04.2020: W\u00e4hrend das \u00f6ffentliche Leben weitgehend stillsteht, arbeiten Beh\u00f6rden, Stiftungen und Andere in raschem Tempo an Verordnungen, Hilfspaketen und F\u00f6rderma\u00dfnahmen. F\u00fcr mich ist es nicht m\u00f6glich, da komplett auf dem Laufenden zu bleiben. Soviel Recherchezeit habe ich nicht.<\/p>\n\n\n\n<p><\/p>\n\n\n\n<p><\/p>\n\n\n\n<p>Die Ma\u00dfnahmen gegen das Corona-Virus treffen als erstes die Kultur- und Kreativwirtschaft. Da gilt es, schnell gegenzusteuern. Hier ist eine &#8211; notwendigerweise unvollst\u00e4ndige &#8211; Liste mit Aktivit\u00e4ten, die sich um Ausgleich f\u00fcr Kreative bem\u00fchen. Sie wird in unregelm\u00e4\u00dfigen Abst\u00e4nden aktualisiert. Hinweise k\u00f6nnen gerne an holger (kringel) schwetter.de gesendet werden. <a href=\"https:\/\/www.vut.de\/vut\/aktuelles-vut\/artikel\/details\/coronavirus-wichtige-informationen-fuer-vut-musikunternehmerinnen\/\">Gute Infos gibt es auch auf der t\u00e4glich aktualisierten Seite des VUT.<\/a><\/p>\n\n\n\n<!--more-->\n\n\n\n<p>Update 23.03.2020: Mittlerweile gibt es weitere Informationssammelstellen im Netz. Einen guten <a href=\"https:\/\/padlet.com\/kreativedeutschland\/zu41puas9yk3?fbclid=IwAR3du17BP_JdE7U3gsfvShXSMM_3RIxrSvo9AmFKoFtXoA9X5U_zCc3MucE\">\u00dcberblick \u00fcber Unterst\u00fctzungsma\u00dfnahmen gibt ein Pad von Kreatives  Deutschland<\/a>, an dem auch jeder mitschreiben kann.<\/p>\n\n\n\n<p>Update 29.03.2020: Da es inzwischen immer mehr Listen zu bundes- oder landesweiten F\u00f6rderm\u00f6glichkeiten gibt, aktualisiere ich ab jetzt nur noch die lokalen Aktionen in der Region Osnabr\u00fcck und Niedersachsen.<\/p>\n\n\n\n<p><strong>lokal (Raum Osnabr\u00fcck)<\/strong><\/p>\n\n\n\n<p>Der Fachbereich Kultur der Stadt Osnabr\u00fcck bittet alle Betroffenen, an ihrer <a href=\"https:\/\/www.osnabrueck.de\/start\/aktuelles\/news\/erhebung-ueber-finanzielle-schaeden-bzw-einbussen-bei-kuenstlern-und-kulturschaffenden\/\">Erhebung zu Sch\u00e4den und Einbu\u00dfen durch die Corona-Krise<\/a> teilzunehmen. Der FB Kultur will die Infomationen sammeln, um Hilfesma\u00dfnahmen zu entwickeln und mit Bund und Land zu verhandeln. <\/p>\n\n\n\n<p>Bei der Wirtschaftsf\u00f6rderung der Stadt Osnabr\u00fcck gibt es eine <a href=\"https:\/\/www.wfo.de\/aktuelles\/corona\/\">ausf\u00fchrliche FAQ zu Ma\u00dfnahmen zur Coronakrise<\/a>. Der Fachbereich Kultur kooperiert mit der WFO und stellt Informationen ebenfalls in diese FAQ ein. Die WFO ist auch Anlaufstelle zur Beratung f\u00fcr Akteure aus der Kultur- und Kreativwirtschaft. <\/p>\n\n\n\n<p>Die Lagerhalle Osnabr\u00fcck hat <a href=\"http:\/\/212888.eu.cleverreach.com\/\/m\/13593345\/280910-038dcf2b89cb03c87ed5048a517a1ff9\">als Veranstaltung ein Geisterkonzert angelegt<\/a>. Dieses Konzert gibt es nicht, man kann aber Tickets in mehreren Preiskategorien daf\u00fcr kaufen und damit die Lagerhalle unterst\u00fctzen.<\/p>\n\n\n\n<p>Die Osnabr\u00fccker Gastronomen (Stadt und Landkreis) wenden sich am 18.03.2020 mit einem offenen Brief an Oberb\u00fcrgermeister Griesert: &#8222;&#8230; <a href=\"https:\/\/osna-live.de\/wp-content\/uploads\/2020\/03\/Anschreiben-Griesert-1.pdf\">bei uns stehen die Uhren mittlerweile auf 2 Minuten vor 12<\/a>&#8222;. Sie fordern Kosten\u00fcbernahmen.<\/p>\n\n\n\n<p>Das Whisky\u00b4s hat eine Spendenaktion <a href=\"https:\/\/www.gofundme.com\/f\/rettet-das-whiskys?utm_source=facebook&amp;utm_medium=social&amp;utm_campaign=p_cf+share-flow-1&amp;fbclid=IwAR2f5aZaG1htW0TOKI9KMalTNgP-pYEadaeZfYROG4-0E_8uKZRl6xKLQqc\">mit dem Spendenziel 5.000,- \u20ac gestartet,<\/a> um die Fixkosten der kommenden Wochen zahlen zu k\u00f6nnen.<\/p>\n\n\n\n<p>Auch das <a href=\"https:\/\/www.gofundme.com\/f\/das-dirtydancing-erhalten?utm_source=facebook&amp;utm_medium=social&amp;utm_campaign=p_cp+share-sheet&amp;fbclid=IwAR2hOE_xNsmcUA6g8ruKob1wfMYtWMMvtfzSxsfmV6DAgMVU2UmVLLWKO6k\">Dirty + Dancing hat nun eine Spendenkampagne gestartet <\/a>und m\u00f6chte 10.000,- \u20ac sammeln.<\/p>\n\n\n\n<p><strong>national (Ecke Deutschland) und mehr<\/strong><\/p>\n\n\n\n<p>In Niedersachsen k\u00f6nnen <strong>Soloselbst\u00e4ndige, Kleinst- und Kleinunternehmen <\/strong>mit bis zu 49 Besch\u00e4ftigten k\u00f6nnen  einen einmaligen <strong>Liquidit\u00e4tszuschuss von bis zu 20.000 Euro <\/strong>beantragen. Es gibt eine Staffelung: <\/p>\n\n\n\n<ul class=\"wp-block-list\"><li>bis 5 Besch\u00e4ftigte: 3.000 Euro <\/li><li>bis 10 Besch\u00e4ftigte: 5.000 Euro <\/li><li>bis 30 Besch\u00e4ftigte: 10.000 Euro <\/li><li>bis 49 Besch\u00e4ftigte: 20.000 Euro <\/li><\/ul>\n\n\n\n<p>Antr\u00e4ge werden \u00fcber das <a href=\"https:\/\/www.nbank.de\/Blickpunkt\/Covid-19-%E2%80%93-Beratung-f%C3%BCr-unsere-Kunden.jsp\">Kundenportal der NBank<\/a> gestellt. <\/p>\n\n\n\n<p>Seit heute gelten neue Richtlinien der NBank, <a href=\"https:\/\/www.kh-os.de\/fileadmin\/user_upload\/Kreishandwerkerschaft-News\/KH-Ticker\/2020\/KH-Sonderticker_31.03.2020__2_.pdf?fbclid=IwAR3AIWwLq4qe6QQdShmfJM3XU4OgHB7VANlD7jhWcqlKLiCAu5_QVtlCDrM\">Informationen dazu gibt es u.a. bei der Kreishhandwerkerschaft Osnabr\u00fcck.<\/a> Laut diesen Richtlinien d\u00fcrfen die Zusch\u00fcsse nur f\u00fcr Liquidit\u00e4tsengp\u00e4sse bei Betriebsausgaben verwendet werden, und nicht f\u00fcr Lebenshaltungskosten. Diese Einschr\u00e4nkung wird von Kreativen kritisiert, weil viele von ihnen von zuhause aus arbeiten und nur geringe Betriebskosten haben. Ihnen bleibt dann nur Hartz IV. Der Senat Bremen sieht diese Defizite und <a href=\"https:\/\/www.senatspressestelle.bremen.de\/detail.php?gsid=bremen146.c.332812.de&amp;asl=bremen02.c.730.de&amp;fbclid=IwAR3AM0pARmnUCyIJT12TtKQpU5hhF0dqQc-530hXaQtMbtb-OetBLE9Utjk\">k\u00fcndigt ein weiteres, f\u00fcr die Kreativwirtschaft passenderes Programm an.<\/a><\/p>\n\n\n\n<p>Die Stadt Hannover hat ein <a href=\"https:\/\/www.hannover.de\/Service\/Presse-Medien\/Landeshauptstadt-Hannover\/Aktuelle-Meldungen-und-Veranstaltungen\/Zehn-Mio.-Euro-f%C3%BCr-Unternehmen-und-Freiberufler*innen\">Soforthilfeprogramm f\u00fcr Unternehmen und Freiberufler*innen in H\u00f6he von 10 Millionen Euro<\/a> aufgelegt. Antr\u00e4ge k\u00f6nnen beim Fachbereich Finanzen der Stadt gestellt werden.<\/p>\n\n\n\n<p>Das Land Nordrhein-Westfalen stellt einmalig 2.000,- \u20ac Soforthilfe f\u00fcr selbst\u00e4ndige K\u00fcnstler*innen zur Verf\u00fcgung. Ben\u00f6tigte Unterlagen: Nachweis der KSK Mitgliedschaft, abgeschlossene Vertr\u00e4ge und Best\u00e4tigung \u00fcber den Ausfall. <a href=\"https:\/\/www.mkw.nrw\/Informationen_Corona-Virus\">Hier geht es zum Antragsformular.<\/a><\/p>\n\n\n\n<p>Die Deutsche Orchester-Stiftung hat einen Nothilfe Fond aufgelegt und bittet um Spenden. Man kann dort auch Bedarf anmelden: <a href=\"https:\/\/orchesterstiftung.de\/nothilfefonds\/\">https:\/\/orchesterstiftung.de\/nothilfefonds\/<\/a><\/p>\n\n\n\n<p>Die GVL bietet als Nothilfe eine Einmalzahlung von 250,- \u20ac: <a href=\"https:\/\/www.gvl.de\/gvl\/aktuelles\/corona-krise-nothilfe-fuer-berechtigte\">https:\/\/www.gvl.de\/gvl\/aktuelles\/corona-krise-nothilfe-fuer-berechtigte<\/a> (*Vielen Dank an meine Studierenden f\u00fcr diesen Tipp.)<\/p>\n\n\n\n<p>Update 30.03.: Die Verwertungsgesellschaft GEMA hat ein Corona-Nothilfe-Programm f\u00fcr GEMA Mitglieder aufgesetzt. <a href=\"https:\/\/www.gema.de\/musikurheber\/nothilfe-programm-fuer-gema-mitglieder\/\">Vorsch\u00fcsse auf GEMA-Auszahlungen sowie Hilfen bis zu 5.000,- \u20ac k\u00f6nnen hier beantragt werden.<\/a> Die GEMA <a href=\"https:\/\/www.gema.de\/aktuelles\/pressemitteilungen\/corona-pandemie-hilfe-fuer-mitglieder-und-kunden-der-gema\/\">stellt hierf\u00fcr laut Pressemitteilung vom 20.03.2020<\/a> 40 Millionen Euro als Soforthilfe bereit. &#8222;Der  \u201eSchutzschirm LIVE\u201c richtet sich vorrangig an Komponisten und  Textdichter, die zugleich als Performer auftreten und aufgrund  fl\u00e4chendeckender Veranstaltungsabsagen in finanzielle Schwierigkeiten  geraten. Der \u201eCorona-Hilfsfonds\u201c stellt finanzielle \u00dcbergangshilfen f\u00fcr  individuelle H\u00e4rtef\u00e4lle im Rahmen der sozialen und kulturellen F\u00f6rderung  bereit.&#8220;<\/p>\n\n\n\n<p>Die Gewerkschaft ver.di hat eine &#8222;<em><a href=\"https:\/\/vs.verdi.de\/themen\/nachrichten\/++co++4e085142-660f-11ea-9bec-001a4a160100\">Handreichung f\u00fcr die Unterst\u00fctzung selbst\u00e4ndiger und freier Kulturschaffender<\/a><\/em>&#8220; ver\u00f6ffentlicht. Dort werden Tipps gegeben, was Selbst\u00e4ndige jetzt tun k\u00f6nnen, z.B. ihre Verdienstausf\u00e4lle dokumentieren. Zudem gibt es Listen mit Handlungsm\u00f6glichkeiten f\u00fcr Konsument*innen, Kommunen, Lobbyorganisationen u.a.<\/p>\n\n\n\n<p>Das Musikland Niedersachsen hat eine <a href=\"https:\/\/musikland-niedersachsen.de\/corona\/faq\/#spielstaetten\">FAQ zum Thema Corona f\u00fcr freischaffende Musiker*innen und Kultureinrichtungen<\/a> zusammengestellt und zudem eine <a href=\"https:\/\/musikland-niedersachsen.de\/corona\/corona-hotline\/\">Telefon-Sprechstunde f\u00fcr Solo-Selbstst\u00e4ndigen und Kleinunternehmer*innen in der Musikbranche<\/a> eingerichtet: Di. &#8211; Do. 14:00 bis 16:00 Uhr.<\/p>\n\n\n\n<p>Die Bayerische Staatsregierung hat ein <a href=\"https:\/\/www.stmwi.bayern.de\/soforthilfe-corona\/\">Soforthilfeprogramm eingerichtet, das sich an Betriebe und Freiberufler richtet<\/a>, die durch die Corona-Krise in eine existenzbedrohliche wirtschaftliche Schieflage und in Liquidit\u00e4tsengp\u00e4sse geraten sind. Bei bis zu 5 Erwerbst\u00e4tigen gibt es 5.000 Euro. Die Antragstellung soll sehr einfach sein.<\/p>\n\n\n\n<p>Der Berliner Senat hat ein \u00e4hnliches <a href=\"https:\/\/www.berlin.de\/rbmskzl\/aktuelles\/pressemitteilungen\/pressemitteilung.909713.php\">Soforthilfeprogramm f\u00fcr Kleinunternehmen und Soloselbstst\u00e4ndige<\/a> aufgelegt. Dort k\u00f6nnen 5.000,- \u20ac beantragt werden, die f\u00fcr die n\u00e4chsten drei (Kleinunternehmen) bzw.sechs (Soloselbst\u00e4ndige) Monate reichen sollen. Danach kann, wenn n\u00f6tig, ein erneuter Zuschuss beantragt werden.<\/p>\n\n\n\n<p>Das Musikland Niedersachsen ruft dazu auf, sich bis zum 25.03.2020 an ihrer <a href=\"https:\/\/musikland-niedersachsen.de\/umfrage\/\">Umfrage zu wirtschaftlichen Auswirkungen auf die Musikkultur in Niedersachsen <\/a>zu beteiligen. &#8222;Mit Hilfe der Erkenntnisse k\u00f6nnen dringend ben\u00f6tigte Handlungsempfehlungen angesto\u00dfen werden.&#8220;<\/p>\n\n\n\n<p>Nochmal Niedersachsen: Der Arbeitskreis der freien Kulturverb\u00e4nde AKKU ist im Gespr\u00e4ch mit dem &nbsp;Nds. Ministerium f\u00fcr Wissenschaft und Kultur. Ziel von AKKU ist es laut Email der Sprecher*innen \u201em\u00f6glichst viele Mittel aus dem von der Landesregierung gestern beschlossenen Nachtragshaushalt f\u00fcr Nothilfema\u00dfnahmen zu sichern.&#8220; Um den Bedarf zuermitteln, hat AKKU eine <a href=\"https:\/\/www.surveymonkey.de\/r\/blitzumfrage_akku\">Blitzumfrage zu den Auswirkungen der Corona-Pandemie auf den Kulturbereich online geschaltet<\/a>. <\/p>\n\n\n\n<p>Kreatives Sachsen hat eine Umfrage gestartet, die sich an alle Kreativen in Deutschland richtet: <a href=\"https:\/\/docs.google.com\/forms\/d\/e\/1FAIpQLSf3w5LebAGII1I8Jppu0sl_A1SWKjMTZi-fTtGB6mq_2JO3OQ\/viewform\">https:\/\/docs.google.com\/forms\/d\/e\/1FAIpQLSf3w5LebAGII1I8Jppu0sl_A1SWKjMTZi-fTtGB6mq_2JO3OQ\/viewform<\/a><\/p>\n\n\n\n<p>Ein erstes Zwischenergebnis zu den erwarteten Umsatzeinbu\u00dfen gibt es hier:  <a href=\"https:\/\/www.kreatives-sachsen.de\/2020\/03\/13\/pressemitteilung-zur-umfrage\/\">https:\/\/www.kreatives-sachsen.de\/2020\/03\/13\/pressemitteilung-zur-umfrage\/<\/a><\/p>\n\n\n\n<p>Der deutsche Musikrat fordert ein Grundeinkommen f\u00fcr Musiker*innen: 6 Monate je 1.000,- \u20ac <a href=\"https:\/\/www.musikrat.de\/aktuelles\/detailseite\/coronakrise-deutscher-musikrat-fordert-befristetes-grundeinkommen\">https:\/\/www.musikrat.de\/aktuelles\/detailseite\/coronakrise-deutscher-musikrat-fordert-befristetes-grundeinkommen<\/a><\/p>\n\n\n\n<p>und hat eine Umfrage unter Musik-Institutionen gestartet: <a href=\"https:\/\/www.surveymonkey.de\/r\/XZJSKBZ\">https:\/\/www.surveymonkey.de\/r\/XZJSKBZ<\/a><\/p>\n\n\n\n<p>Der VUT fordert 3,9 Milliarden Soforthilfe f\u00fcr die Musikwirtschaft <a href=\"https:\/\/www.vut.de\/vut\/aktuelles-vut\/artikel\/details\/folgen-des-coronavirus-betreffen-die-gesamte-musikwirtschaft-vut-fordert-hilfsfonds-in-hoehe-von-3\/\">https:\/\/www.vut.de\/vut\/aktuelles-vut\/artikel\/details\/folgen-des-coronavirus-betreffen-die-gesamte-musikwirtschaft-vut-fordert-hilfsfonds-in-hoehe-von-3\/<\/a><\/p>\n\n\n\n<p>ES gibt eine Petition f\u00fcr die Unterst\u00fctzung von Freiberuflern: <a href=\"https:\/\/www.openpetition.de\/petition\/online\/hilfen-fuer-freiberufler-und-kuenstler-waehrend-des-corona-shutdowns-2\">https:\/\/www.openpetition.de\/petition\/online\/hilfen-fuer-freiberufler-und-kuenstler-waehrend-des-corona-shutdowns-2<\/a><\/p>\n\n\n\n<p>und hier ein Beschluss der Kultusminister, in dem sie wirtschafltliche Unterst\u00fctzung f\u00fcr Kultureinrichtungen und Kulturschaffende fordern: <a href=\"https:\/\/www.kulturrat.de\/wp-content\/uploads\/2020\/03\/KMK13-03-2020.jpg\">https:\/\/www.kulturrat.de\/wp-content\/uploads\/2020\/03\/KMK13-03-2020.jpg<\/a><\/p>\n\n\n\n<p>Bandcamp verzichtet am Freitag, den 20.03. auf die Provision f\u00fcr alle Verk\u00e4ufe. <a href=\"https:\/\/daily.bandcamp.com\/features\/bandcamp-covid-19-fundraiser\">https:\/\/daily.bandcamp.com\/features\/bandcamp-covid-19-fundraiser<\/a><\/p>\n","protected":false},"excerpt":{"rendered":"<p>Update 23.04.2020: W\u00e4hrend das \u00f6ffentliche Leben weitgehend stillsteht, arbeiten Beh\u00f6rden, Stiftungen und Andere in raschem Tempo an Verordnungen, Hilfspaketen und F\u00f6rderma\u00dfnahmen. F\u00fcr mich ist es nicht m\u00f6glich, da komplett auf dem Laufenden zu bleiben. Soviel Recherchezeit habe ich nicht. Die &hellip; <a href=\"https:\/\/www.schwetter.de\/blog\/?p=576\">Weiterlesen <span class=\"meta-nav\">&rarr;<\/span><\/a><\/p>\n","protected":false},"author":1,"featured_media":0,"comment_status":"open","ping_status":"open","sticky":false,"template":"","format":"standard","meta":{"footnotes":""},"categories":[4,13],"tags":[],"class_list":["post-576","post","type-post","status-publish","format-standard","hentry","category-ereignisse","category-musik"],"_links":{"self":[{"href":"https:\/\/www.schwetter.de\/blog\/index.php?rest_route=\/wp\/v2\/posts\/576","targetHints":{"allow":["GET"]}}],"collection":[{"href":"https:\/\/www.schwetter.de\/blog\/index.php?rest_route=\/wp\/v2\/posts"}],"about":[{"href":"https:\/\/www.schwetter.de\/blog\/index.php?rest_route=\/wp\/v2\/types\/post"}],"author":[{"embeddable":true,"href":"https:\/\/www.schwetter.de\/blog\/index.php?rest_route=\/wp\/v2\/users\/1"}],"replies":[{"embeddable":true,"href":"https:\/\/www.schwetter.de\/blog\/index.php?rest_route=%2Fwp%2Fv2%2Fcomments&post=576"}],"version-history":[{"count":26,"href":"https:\/\/www.schwetter.de\/blog\/index.php?rest_route=\/wp\/v2\/posts\/576\/revisions"}],"predecessor-version":[{"id":615,"href":"https:\/\/www.schwetter.de\/blog\/index.php?rest_route=\/wp\/v2\/posts\/576\/revisions\/615"}],"wp:attachment":[{"href":"https:\/\/www.schwetter.de\/blog\/index.php?rest_route=%2Fwp%2Fv2%2Fmedia&parent=576"}],"wp:term":[{"taxonomy":"category","embeddable":true,"href":"https:\/\/www.schwetter.de\/blog\/index.php?rest_route=%2Fwp%2Fv2%2Fcategories&post=576"},{"taxonomy":"post_tag","embeddable":true,"href":"https:\/\/www.schwetter.de\/blog\/index.php?rest_route=%2Fwp%2Fv2%2Ftags&post=576"}],"curies":[{"name":"wp","href":"https:\/\/api.w.org\/{rel}","templated":true}]}}